{"id":1771,"date":"2023-06-14T15:43:23","date_gmt":"2023-06-14T13:43:23","guid":{"rendered":"https:\/\/jacques.atelier-dev.com\/?p=1771"},"modified":"2023-06-14T15:43:23","modified_gmt":"2023-06-14T13:43:23","slug":"separation-des-beatles-et-fake-news","status":"publish","type":"post","link":"https:\/\/www.jacquesvolcouve.fr\/index.php\/2023\/06\/14\/separation-des-beatles-et-fake-news\/","title":{"rendered":"S\u00e9paration des Beatles et Fake News"},"content":{"rendered":"\n<p>Le 10 avril marque le cinquanti\u00e8me anniversaire et l\u2019officialisation de la s\u00e9paration des Beatles. Il est utile de pr\u00e9ciser qu\u2019ils \u00e9taient s\u00e9par\u00e9s, de fait depuis la fin septembre 1969. C\u2019est John qui voulait un divorce, mais Allen Klein, (cet homme d\u2019affaires New-Yorkais, \u00e9tait devenu le manager de John, George et Ringo) \u00e9tait charg\u00e9 de ren\u00e9gocier le renouvellement du contrat du groupe avec EMI jusqu\u2019en 1976 et du rehaussement du montant de leurs royalties, alors Lennon a gard\u00e9 le silence. Le 17 avril 1970, le premier album de Paul McCartney \u00e9tait programm\u00e9 pour sortir. Le disque Let It Be sera publi\u00e9 le 8 mai 1970 et le film sortira le 13 mai. Apple voulait repousser la commercialisation du premier album de Paul pour ne pas provoquer de concurrence entre son disque et la derni\u00e8re \u0153uvre collective des Beatles a \u00eatre commercialis\u00e9e<\/p>\n\n\n\n<p>Furieux, McCartney s\u2019est battu pour maintenir la date de sortie son premier album solo en traitant Apple (son propre label) de salopards. Les exemplaires destin\u00e9s \u00e0 la presse, le 9 avril, comportaient une auto-interview dont voici des extraits\u2026<\/p>\n\n\n\n<p>Q: &#8220;Did you miss the other Beatles and George Martin? Was there a moment when you thought, &#8216;I wish Ringo were here for this break?'&#8221; Est-que les autres Beatles et George Martin vous ont-ils manqu\u00e9s ? Vous \u00eates-vous dit \u00e0 un moment, j\u2019aimerais que Ringo soit l\u00e0 pour ce break de batterie?<\/p>\n\n\n\n<p>PAUL: &#8220;No.&#8221; \/ Non<\/p>\n\n\n\n<p>Q: &#8220;(\u2026.) will you do another?&#8221; \/ Ferez-vous un autre album solo ?<\/p>\n\n\n\n<p>PAUL: &#8220;\u2026 I will continue to do what I want, when I want to.&#8221; \/ Je continerai \u00e0 faire ce que je veux, quand je veux.<\/p>\n\n\n\n<p>Q: &#8220;Are you planning a new album or single with the Beatles?&#8221; Avez-vous un autre projet de single ou d\u2019album ou avec Les Beatles ?<\/p>\n\n\n\n<p>PAUL: &#8220;No.&#8221; Non<\/p>\n\n\n\n<p>Q: &#8220;Is your break with the Beatles temporary or permanent, due to personal differences or musical ones?&#8221; Votre rupture avec les Beatles est-elle temporaire ou permanente, les causes sont-elles \u00e0 des diff\u00e9rences personnelles ou musicales ?<\/p>\n\n\n\n<p>PAUL: &#8220;Personal differences, business differences, musical differences (\u2026)Temporary or permanent? I don&#8217;t really know.&#8221; Diff\u00e9rences personnelles, business et musicales (\u2026) Temporaire ou permanente, je ne sais pas vraiment.<\/p>\n\n\n\n<p>Q: &#8220;Do you foresee a time when Lennon-McCartney becomes an active songwriting partnership again?&#8221; Envisagez-vous que le partenariat d\u2019\u00e9criture Lennon-McCartney puisse \u00eatre actif \u00e0 nouveau ?<\/p>\n\n\n\n<p>PAUL: &#8220;No.&#8221; Non<\/p>\n\n\n\n<p>(\u2026)<\/p>\n\n\n\n<p>PAUL: &#8220;I love John, and respect what he does &#8211; it doesn&#8217;t really give me any pleasure.&#8221; J\u2019aime John et respecte ce qu\u2019il fait, mais cela ne me procure plus de plaisir.<\/p>\n\n\n\n<p><\/p>\n\n\n\n<p>Paul ainsi mettait fait d\u00e9finitivement \u00e0 l\u2019histoire du plus grand groupe que le monde n\u2019ait jamais connu.<\/p>\n\n\n\n<p><\/p>\n\n\n\n<p>C\u2019est l\u2019occasion de tordre ici le cou \u00e0 une rumeur r\u00e9p\u00e9t\u00e9e dans des articles qui reviennent sur cette p\u00e9riode et qui pr\u00e9tendent que la premi\u00e8re fois que la discographie des Beatles a fait son apparition sur CD en 1987, il s\u2019agissait de vulgaires transferts \u00e0 partir de vinyles !<\/p>\n\n\n\n<p>Comment peut-on, une fraction de seconde imaginer que la plus grande maison de disques au monde puisse permette une telle manipulation digne des plus petits labels ? Comment imaginer que Paul, George, Ringo, George Martin et Yoko Ono au nom de John Lennon acceptent de commercialiser un produit m\u00e9diocre ?<\/p>\n\n\n\n<p>Eux qui ont toujours vis\u00e9 l\u2019excellence et \u00eatre des innovateurs ? Chaque r\u00e9\u00e9dition des disques des Beatles fait l\u2019objet d\u2019un travail m\u00e9ticuleux. Les \u00e9quipes charg\u00e9es de ces r\u00e9\u00e9ditions par Apple prennent le plus grand soin \u00e0 repartir des masters qu\u2019EMI garde comme un tr\u00e9sor dans un coffre bien gard\u00e9. Ceux qui propagent cette ridicule rumeur ne font que d\u00e9montrer, leur ignorance, leur b\u00eatise, leur sottise. En 1987, toute la presse et les m\u00e9dias \u00e9taient unanimes pour saluer la brillance de cette nouvelle version, les Beatles dans leur splendeur retrouv\u00e9e. Mais voil\u00e0, \u00e0 l\u2019\u00e9poque les CD, pour faire simple, n\u2019offraient une r\u00e9solution sonore que de 16 bits. Ce qui donne un son un peu m\u00e9tallique et froid que les audiophiles ont reproch\u00e9 au CD par rapport aux vinyles (en oubliant la fragilit\u00e9 de ce support, bruit de surface, craquements, rayures, poussi\u00e8res etc\u2026) Chaque fois que la technologie a fait des progr\u00e8s, les CD actuels permettent une \u00e9coute en 24 bit, les Beatles b\u00e9n\u00e9ficient d\u2019une r\u00e9\u00e9dition comme en 2009, en mono, puis en st\u00e9r\u00e9o et maintenant lors des coffrets c\u00e9l\u00e9brant leurs plus grands disques.<\/p>\n\n\n\n<p>Donc voil\u00e0 qui est dit.<\/p>\n","protected":false},"excerpt":{"rendered":"<p>Le 10 avril marque le cinquanti\u00e8me anniversaire et l\u2019officialisation de la s\u00e9paration des Beatles. Il est utile de pr\u00e9ciser qu\u2019ils \u00e9taient s\u00e9par\u00e9s, de fait depuis la fin septembre 1969. C\u2019est John qui voulait un divorce, mais Allen Klein, (cet homme d\u2019affaires New-Yorkais, \u00e9tait devenu le manager de John, George et Ringo) \u00e9tait charg\u00e9 de ren\u00e9gocier [&hellip;]<\/p>\n","protected":false},"author":1,"featured_media":1772,"comment_status":"open","ping_status":"open","sticky":false,"template":"","format":"standard","meta":{"footnotes":""},"categories":[5],"tags":[],"class_list":["post-1771","post","type-post","status-publish","format-standard","has-post-thumbnail","hentry","category-actualite-presse"],"acf":[],"yoast_head":"<!-- This site is optimized with the Yoast SEO plugin v26.9 - https:\/\/yoast.com\/product\/yoast-seo-wordpress\/ -->\n<title>S\u00e9paration des Beatles et Fake News - jacques volcouve<\/title>\n<meta name=\"robots\" content=\"index, follow, max-snippet:-1, max-image-preview:large, max-video-preview:-1\" \/>\n<link rel=\"canonical\" href=\"https:\/\/www.jacquesvolcouve.fr\/index.php\/2023\/06\/14\/separation-des-beatles-et-fake-news\/\" \/>\n<meta property=\"og:locale\" content=\"fr_FR\" \/>\n<meta property=\"og:type\" content=\"article\" \/>\n<meta property=\"og:title\" content=\"S\u00e9paration des Beatles et Fake News - jacques volcouve\" \/>\n<meta property=\"og:description\" content=\"Le 10 avril marque le cinquanti\u00e8me anniversaire et l\u2019officialisation de la s\u00e9paration des Beatles. Il est utile de pr\u00e9ciser qu\u2019ils \u00e9taient s\u00e9par\u00e9s, de fait depuis la fin septembre 1969. C\u2019est John qui voulait un divorce, mais Allen Klein, (cet homme d\u2019affaires New-Yorkais, \u00e9tait devenu le manager de John, George et Ringo) \u00e9tait charg\u00e9 de ren\u00e9gocier [&hellip;]\" \/>\n<meta property=\"og:url\" content=\"https:\/\/www.jacquesvolcouve.fr\/index.php\/2023\/06\/14\/separation-des-beatles-et-fake-news\/\" \/>\n<meta property=\"og:site_name\" content=\"jacques volcouve\" \/>\n<meta property=\"article:published_time\" content=\"2023-06-14T13:43:23+00:00\" \/>\n<meta property=\"og:image\" content=\"https:\/\/www.jacquesvolcouve.fr\/wp-content\/uploads\/2023\/06\/a2bb9b_204427095fe845439472d7002b4d66a9mv2.webp\" \/>\n\t<meta property=\"og:image:width\" content=\"566\" \/>\n\t<meta property=\"og:image:height\" content=\"872\" \/>\n\t<meta property=\"og:image:type\" content=\"image\/webp\" \/>\n<meta name=\"author\" content=\"atelier\" \/>\n<meta name=\"twitter:card\" content=\"summary_large_image\" \/>\n<meta name=\"twitter:label1\" content=\"\u00c9crit par\" \/>\n\t<meta name=\"twitter:data1\" content=\"atelier\" \/>\n\t<meta name=\"twitter:label2\" content=\"Dur\u00e9e de lecture estim\u00e9e\" \/>\n\t<meta name=\"twitter:data2\" content=\"4 minutes\" \/>\n<script type=\"application\/ld+json\" class=\"yoast-schema-graph\">{\"@context\":\"https:\/\/schema.org\",\"@graph\":[{\"@type\":\"Article\",\"@id\":\"https:\/\/www.jacquesvolcouve.fr\/index.php\/2023\/06\/14\/separation-des-beatles-et-fake-news\/#article\",\"isPartOf\":{\"@id\":\"https:\/\/www.jacquesvolcouve.fr\/index.php\/2023\/06\/14\/separation-des-beatles-et-fake-news\/\"},\"author\":{\"name\":\"atelier\",\"@id\":\"https:\/\/www.jacquesvolcouve.fr\/#\/schema\/person\/f41b50bed0b228bb1514c50d58e33f31\"},\"headline\":\"S\u00e9paration des Beatles et Fake News\",\"datePublished\":\"2023-06-14T13:43:23+00:00\",\"mainEntityOfPage\":{\"@id\":\"https:\/\/www.jacquesvolcouve.fr\/index.php\/2023\/06\/14\/separation-des-beatles-et-fake-news\/\"},\"wordCount\":762,\"commentCount\":0,\"image\":{\"@id\":\"https:\/\/www.jacquesvolcouve.fr\/index.php\/2023\/06\/14\/separation-des-beatles-et-fake-news\/#primaryimage\"},\"thumbnailUrl\":\"https:\/\/www.jacquesvolcouve.fr\/wp-content\/uploads\/2023\/06\/a2bb9b_204427095fe845439472d7002b4d66a9mv2.webp\",\"articleSection\":[\"Actualit\u00e9 Presse\"],\"inLanguage\":\"fr-FR\",\"potentialAction\":[{\"@type\":\"CommentAction\",\"name\":\"Comment\",\"target\":[\"https:\/\/www.jacquesvolcouve.fr\/index.php\/2023\/06\/14\/separation-des-beatles-et-fake-news\/#respond\"]}]},{\"@type\":\"WebPage\",\"@id\":\"https:\/\/www.jacquesvolcouve.fr\/index.php\/2023\/06\/14\/separation-des-beatles-et-fake-news\/\",\"url\":\"https:\/\/www.jacquesvolcouve.fr\/index.php\/2023\/06\/14\/separation-des-beatles-et-fake-news\/\",\"name\":\"S\u00e9paration des Beatles et Fake News - jacques volcouve\",\"isPartOf\":{\"@id\":\"https:\/\/www.jacquesvolcouve.fr\/#website\"},\"primaryImageOfPage\":{\"@id\":\"https:\/\/www.jacquesvolcouve.fr\/index.php\/2023\/06\/14\/separation-des-beatles-et-fake-news\/#primaryimage\"},\"image\":{\"@id\":\"https:\/\/www.jacquesvolcouve.fr\/index.php\/2023\/06\/14\/separation-des-beatles-et-fake-news\/#primaryimage\"},\"thumbnailUrl\":\"https:\/\/www.jacquesvolcouve.fr\/wp-content\/uploads\/2023\/06\/a2bb9b_204427095fe845439472d7002b4d66a9mv2.webp\",\"datePublished\":\"2023-06-14T13:43:23+00:00\",\"author\":{\"@id\":\"https:\/\/www.jacquesvolcouve.fr\/#\/schema\/person\/f41b50bed0b228bb1514c50d58e33f31\"},\"breadcrumb\":{\"@id\":\"https:\/\/www.jacquesvolcouve.fr\/index.php\/2023\/06\/14\/separation-des-beatles-et-fake-news\/#breadcrumb\"},\"inLanguage\":\"fr-FR\",\"potentialAction\":[{\"@type\":\"ReadAction\",\"target\":[\"https:\/\/www.jacquesvolcouve.fr\/index.php\/2023\/06\/14\/separation-des-beatles-et-fake-news\/\"]}]},{\"@type\":\"ImageObject\",\"inLanguage\":\"fr-FR\",\"@id\":\"https:\/\/www.jacquesvolcouve.fr\/index.php\/2023\/06\/14\/separation-des-beatles-et-fake-news\/#primaryimage\",\"url\":\"https:\/\/www.jacquesvolcouve.fr\/wp-content\/uploads\/2023\/06\/a2bb9b_204427095fe845439472d7002b4d66a9mv2.webp\",\"contentUrl\":\"https:\/\/www.jacquesvolcouve.fr\/wp-content\/uploads\/2023\/06\/a2bb9b_204427095fe845439472d7002b4d66a9mv2.webp\",\"width\":566,\"height\":872},{\"@type\":\"BreadcrumbList\",\"@id\":\"https:\/\/www.jacquesvolcouve.fr\/index.php\/2023\/06\/14\/separation-des-beatles-et-fake-news\/#breadcrumb\",\"itemListElement\":[{\"@type\":\"ListItem\",\"position\":1,\"name\":\"Accueil\",\"item\":\"https:\/\/www.jacquesvolcouve.fr\/\"},{\"@type\":\"ListItem\",\"position\":2,\"name\":\"S\u00e9paration des Beatles et Fake News\"}]},{\"@type\":\"WebSite\",\"@id\":\"https:\/\/www.jacquesvolcouve.fr\/#website\",\"url\":\"https:\/\/www.jacquesvolcouve.fr\/\",\"name\":\"jacques volcouve\",\"description\":\"Le site de jacques volcouve l&#039;Historien fran\u00e7ais des beatles\",\"potentialAction\":[{\"@type\":\"SearchAction\",\"target\":{\"@type\":\"EntryPoint\",\"urlTemplate\":\"https:\/\/www.jacquesvolcouve.fr\/?s={search_term_string}\"},\"query-input\":{\"@type\":\"PropertyValueSpecification\",\"valueRequired\":true,\"valueName\":\"search_term_string\"}}],\"inLanguage\":\"fr-FR\"},{\"@type\":\"Person\",\"@id\":\"https:\/\/www.jacquesvolcouve.fr\/#\/schema\/person\/f41b50bed0b228bb1514c50d58e33f31\",\"name\":\"atelier\",\"sameAs\":[\"https:\/\/www.jacquesvolcouve.fr\"],\"url\":\"https:\/\/www.jacquesvolcouve.fr\/index.php\/author\/atelier\/\"}]}<\/script>\n<!-- \/ Yoast SEO plugin. -->","yoast_head_json":{"title":"S\u00e9paration des Beatles et Fake News - jacques volcouve","robots":{"index":"index","follow":"follow","max-snippet":"max-snippet:-1","max-image-preview":"max-image-preview:large","max-video-preview":"max-video-preview:-1"},"canonical":"https:\/\/www.jacquesvolcouve.fr\/index.php\/2023\/06\/14\/separation-des-beatles-et-fake-news\/","og_locale":"fr_FR","og_type":"article","og_title":"S\u00e9paration des Beatles et Fake News - jacques volcouve","og_description":"Le 10 avril marque le cinquanti\u00e8me anniversaire et l\u2019officialisation de la s\u00e9paration des Beatles. Il est utile de pr\u00e9ciser qu\u2019ils \u00e9taient s\u00e9par\u00e9s, de fait depuis la fin septembre 1969. C\u2019est John qui voulait un divorce, mais Allen Klein, (cet homme d\u2019affaires New-Yorkais, \u00e9tait devenu le manager de John, George et Ringo) \u00e9tait charg\u00e9 de ren\u00e9gocier [&hellip;]","og_url":"https:\/\/www.jacquesvolcouve.fr\/index.php\/2023\/06\/14\/separation-des-beatles-et-fake-news\/","og_site_name":"jacques volcouve","article_published_time":"2023-06-14T13:43:23+00:00","og_image":[{"width":566,"height":872,"url":"https:\/\/www.jacquesvolcouve.fr\/wp-content\/uploads\/2023\/06\/a2bb9b_204427095fe845439472d7002b4d66a9mv2.webp","type":"image\/webp"}],"author":"atelier","twitter_card":"summary_large_image","twitter_misc":{"\u00c9crit par":"atelier","Dur\u00e9e de lecture estim\u00e9e":"4 minutes"},"schema":{"@context":"https:\/\/schema.org","@graph":[{"@type":"Article","@id":"https:\/\/www.jacquesvolcouve.fr\/index.php\/2023\/06\/14\/separation-des-beatles-et-fake-news\/#article","isPartOf":{"@id":"https:\/\/www.jacquesvolcouve.fr\/index.php\/2023\/06\/14\/separation-des-beatles-et-fake-news\/"},"author":{"name":"atelier","@id":"https:\/\/www.jacquesvolcouve.fr\/#\/schema\/person\/f41b50bed0b228bb1514c50d58e33f31"},"headline":"S\u00e9paration des Beatles et Fake News","datePublished":"2023-06-14T13:43:23+00:00","mainEntityOfPage":{"@id":"https:\/\/www.jacquesvolcouve.fr\/index.php\/2023\/06\/14\/separation-des-beatles-et-fake-news\/"},"wordCount":762,"commentCount":0,"image":{"@id":"https:\/\/www.jacquesvolcouve.fr\/index.php\/2023\/06\/14\/separation-des-beatles-et-fake-news\/#primaryimage"},"thumbnailUrl":"https:\/\/www.jacquesvolcouve.fr\/wp-content\/uploads\/2023\/06\/a2bb9b_204427095fe845439472d7002b4d66a9mv2.webp","articleSection":["Actualit\u00e9 Presse"],"inLanguage":"fr-FR","potentialAction":[{"@type":"CommentAction","name":"Comment","target":["https:\/\/www.jacquesvolcouve.fr\/index.php\/2023\/06\/14\/separation-des-beatles-et-fake-news\/#respond"]}]},{"@type":"WebPage","@id":"https:\/\/www.jacquesvolcouve.fr\/index.php\/2023\/06\/14\/separation-des-beatles-et-fake-news\/","url":"https:\/\/www.jacquesvolcouve.fr\/index.php\/2023\/06\/14\/separation-des-beatles-et-fake-news\/","name":"S\u00e9paration des Beatles et Fake News - jacques volcouve","isPartOf":{"@id":"https:\/\/www.jacquesvolcouve.fr\/#website"},"primaryImageOfPage":{"@id":"https:\/\/www.jacquesvolcouve.fr\/index.php\/2023\/06\/14\/separation-des-beatles-et-fake-news\/#primaryimage"},"image":{"@id":"https:\/\/www.jacquesvolcouve.fr\/index.php\/2023\/06\/14\/separation-des-beatles-et-fake-news\/#primaryimage"},"thumbnailUrl":"https:\/\/www.jacquesvolcouve.fr\/wp-content\/uploads\/2023\/06\/a2bb9b_204427095fe845439472d7002b4d66a9mv2.webp","datePublished":"2023-06-14T13:43:23+00:00","author":{"@id":"https:\/\/www.jacquesvolcouve.fr\/#\/schema\/person\/f41b50bed0b228bb1514c50d58e33f31"},"breadcrumb":{"@id":"https:\/\/www.jacquesvolcouve.fr\/index.php\/2023\/06\/14\/separation-des-beatles-et-fake-news\/#breadcrumb"},"inLanguage":"fr-FR","potentialAction":[{"@type":"ReadAction","target":["https:\/\/www.jacquesvolcouve.fr\/index.php\/2023\/06\/14\/separation-des-beatles-et-fake-news\/"]}]},{"@type":"ImageObject","inLanguage":"fr-FR","@id":"https:\/\/www.jacquesvolcouve.fr\/index.php\/2023\/06\/14\/separation-des-beatles-et-fake-news\/#primaryimage","url":"https:\/\/www.jacquesvolcouve.fr\/wp-content\/uploads\/2023\/06\/a2bb9b_204427095fe845439472d7002b4d66a9mv2.webp","contentUrl":"https:\/\/www.jacquesvolcouve.fr\/wp-content\/uploads\/2023\/06\/a2bb9b_204427095fe845439472d7002b4d66a9mv2.webp","width":566,"height":872},{"@type":"BreadcrumbList","@id":"https:\/\/www.jacquesvolcouve.fr\/index.php\/2023\/06\/14\/separation-des-beatles-et-fake-news\/#breadcrumb","itemListElement":[{"@type":"ListItem","position":1,"name":"Accueil","item":"https:\/\/www.jacquesvolcouve.fr\/"},{"@type":"ListItem","position":2,"name":"S\u00e9paration des Beatles et Fake News"}]},{"@type":"WebSite","@id":"https:\/\/www.jacquesvolcouve.fr\/#website","url":"https:\/\/www.jacquesvolcouve.fr\/","name":"jacques volcouve","description":"Le site de jacques volcouve l&#039;Historien fran\u00e7ais des beatles","potentialAction":[{"@type":"SearchAction","target":{"@type":"EntryPoint","urlTemplate":"https:\/\/www.jacquesvolcouve.fr\/?s={search_term_string}"},"query-input":{"@type":"PropertyValueSpecification","valueRequired":true,"valueName":"search_term_string"}}],"inLanguage":"fr-FR"},{"@type":"Person","@id":"https:\/\/www.jacquesvolcouve.fr\/#\/schema\/person\/f41b50bed0b228bb1514c50d58e33f31","name":"atelier","sameAs":["https:\/\/www.jacquesvolcouve.fr"],"url":"https:\/\/www.jacquesvolcouve.fr\/index.php\/author\/atelier\/"}]}},"_links":{"self":[{"href":"https:\/\/www.jacquesvolcouve.fr\/index.php\/wp-json\/wp\/v2\/posts\/1771","targetHints":{"allow":["GET"]}}],"collection":[{"href":"https:\/\/www.jacquesvolcouve.fr\/index.php\/wp-json\/wp\/v2\/posts"}],"about":[{"href":"https:\/\/www.jacquesvolcouve.fr\/index.php\/wp-json\/wp\/v2\/types\/post"}],"author":[{"embeddable":true,"href":"https:\/\/www.jacquesvolcouve.fr\/index.php\/wp-json\/wp\/v2\/users\/1"}],"replies":[{"embeddable":true,"href":"https:\/\/www.jacquesvolcouve.fr\/index.php\/wp-json\/wp\/v2\/comments?post=1771"}],"version-history":[{"count":1,"href":"https:\/\/www.jacquesvolcouve.fr\/index.php\/wp-json\/wp\/v2\/posts\/1771\/revisions"}],"predecessor-version":[{"id":1773,"href":"https:\/\/www.jacquesvolcouve.fr\/index.php\/wp-json\/wp\/v2\/posts\/1771\/revisions\/1773"}],"wp:featuredmedia":[{"embeddable":true,"href":"https:\/\/www.jacquesvolcouve.fr\/index.php\/wp-json\/wp\/v2\/media\/1772"}],"wp:attachment":[{"href":"https:\/\/www.jacquesvolcouve.fr\/index.php\/wp-json\/wp\/v2\/media?parent=1771"}],"wp:term":[{"taxonomy":"category","embeddable":true,"href":"https:\/\/www.jacquesvolcouve.fr\/index.php\/wp-json\/wp\/v2\/categories?post=1771"},{"taxonomy":"post_tag","embeddable":true,"href":"https:\/\/www.jacquesvolcouve.fr\/index.php\/wp-json\/wp\/v2\/tags?post=1771"}],"curies":[{"name":"wp","href":"https:\/\/api.w.org\/{rel}","templated":true}]}}