{"id":1774,"date":"2023-06-14T15:47:14","date_gmt":"2023-06-14T13:47:14","guid":{"rendered":"https:\/\/jacques.atelier-dev.com\/?p=1774"},"modified":"2023-06-14T15:47:14","modified_gmt":"2023-06-14T13:47:14","slug":"un-apres-midi-a-abbey-road","status":"publish","type":"post","link":"https:\/\/www.jacquesvolcouve.fr\/index.php\/2023\/06\/14\/un-apres-midi-a-abbey-road\/","title":{"rendered":"Un apr\u00e8s midi \u00e0 Abbey Road"},"content":{"rendered":"\n<p>J\u2019ai eu le privil\u00e8ge d\u2019enter aux studios une bonne dizaine de fois. Mais jamais dans les conditions propos\u00e9es le 30 juin 2019. Les fantastiques Analogues de Hollande poursuivent leur itin\u00e9raire hommage aux Beatles en reprenant l\u2019int\u00e9gralit\u00e9 des disques que les Beatles n\u2019ont jamais jou\u00e9s sur sc\u00e8ne. Ceux des \u00ab ann\u00e9es studio \u00bb enregistr\u00e9s il y a 50 ans et plus, de \u00ab Revolver \u00bb \u00e0 \u00ab Abbey Road \u00bb et jusqu\u2019\u00e0 \u00ab Let It Be \u00bb pr\u00e9vu pour l\u2019ann\u00e9e prochaine. Bien plus qu\u2019un tribute band, cette formation touche \u00e0 la perfection et recr\u00e9er la magie des Fab Four. Ici, pas de costume sans col, pas de perruque Beatles, pas de costume de Sgt. Pepper, pas de fausses moustaches, pas de vid\u00e9o et de light-show. Le travail des Analogues fait penser \u00e0 ce que font les orchestres de musique classique sous la baguette d\u2019un Herbert Von Karajan, Leonard Bernstein, Edward Elgar ou encore Karl B\u00f6hm. Leur approche est celle du respect absolu de la partition et de l\u2019authenticit\u00e9 des sons et des instruments utilis\u00e9s par les Beatles lors de l\u2019enregistrement de leurs chefs-d\u2019\u0153uvre. Geoff Emerick, leur ing\u00e9nieur du son, disait qu\u2019il avait eu le privil\u00e8ge d\u2019assister \u00e0 la magie que les Beatles cr\u00e9aient en studios. Il pensait que jamais il ne pourrait revivre une telle exp\u00e9rience. En travaillant avec les Analogues, il a \u00e9t\u00e9 stup\u00e9fait de ressentir les m\u00eames sentiments plus de cinquante ans plus tard.<\/p>\n\n\n\n<p>En avant-premi\u00e8re de leur tourn\u00e9e d\u2019automne, le groupe a invit\u00e9 un public de privil\u00e9gi\u00e9s au studio n\u00b01 d\u2019Abbey Road (celui o\u00f9 \u00ab A Day In The Life \u00bb et \u00ab All You Need Is Love \u00bb furent enregistr\u00e9s) pour trois prestations exceptionnelles et jouer int\u00e9gralement \u00ab Abbey Road \u00bb en live en vue d\u2019une captation pour la sortie d\u2019un Blue Ray.<\/p>\n\n\n\n<p>Passer le plaisir de faire la connaissance du nouveau responsable des \u00e9v\u00e9nements sp\u00e9ciaux des studios et la joie de retrouver mon ami Mark Lewisohn, l\u2019historien officiel de Beatles qui pr\u00e9sentait l\u2019\u00e9v\u00e8nement. Nous avons pris place au premier rang et bient\u00f4t la magie s\u2019est abattue sur nous.<\/p>\n\n\n\n<p>Ken Scott, l\u2019autre ing\u00e9nieur du son des Beatles dit, lorsqu\u2019il donne une master-class, que la musique, c\u2019est un mot : \u00e9motion. Cette \u00e9motion, mon amie Carole et moi-m\u00eame l\u2019avons ressentie avec grande intensit\u00e9. La musique des Beatles formidablement r\u00e9cr\u00e9e nous a percut\u00e9 par le ventre pour remonter jusqu\u2019au sommet du cr\u00e2ne et redescendre tout le long de la colonne vert\u00e9brale.<\/p>\n\n\n\n<p>\u00catre au premier rang me permettait de regarder au bon moment les accords de l\u2019Epiphone sur la gauche ou les solos de la Fender sur la droite ou, au centre, le rouleau compresseur des basses H\u00f6fner et Rickenbacker 4001, \u00e0 la sonorit\u00e9 si diff\u00e9rente.<\/p>\n\n\n\n<p>C\u2019est amusant de voir une enclume se glisser le long de la sc\u00e8ne pour illustrer \u00ab Maxwell\u2019s Silver Hammer \u00bb. Se rappeler les ing\u00e9nieuses trouvailles de Ringo pour les percussions de l\u2019album par la vari\u00e9t\u00e9 utilis\u00e9e sur sc\u00e8ne par les Analogues et constater la petite taille du Moog (compar\u00e9e \u00e0 l\u2019\u00e9norme mod\u00e8le install\u00e9 en 1969 pour les Beatles) pour \u00ab Maxwell \u00bb et \u00ab I Want You (She\u2019s So Heavy) \u00bb. Et puis, il y a la prouesse de jouer cette seconde face en jonglant d\u2019un mod\u00e8le de guitare \u00e0 l\u2019autre sans accroc. Le technicien charg\u00e9 des guitares a ici une mission qui n\u2019est pas de tout repos. Comme toujours avec les Beatles, le temps n\u2019existe plus et les 47 minutes et 23 secondes du disque s\u2019\u00e9vanouirent en un instant.<\/p>\n\n\n\n<p>Bart Van Poppel, Jac Bico, Jan Van Der Meij, Felix Maginn, Diederik Nomden et Fred Gehring avec les musiciens des cordes et des cuivres ont \u00e9t\u00e9 acclam\u00e9s apr\u00e8s avoir salu\u00e9 ce public qui chavirait de joie et ne voulait pas les laisser partir. C\u2019est alors que Fred nous fit une autre surprise. \u00ab Nous ne pouvions que jouer dans le grand studio, le num\u00e9ro 1 en raison de la multiplicit\u00e9 des instruments que nous avions sur sc\u00e8ne \u00bb, nous a-t-il d\u00e9clar\u00e9. \u00ab Mais, les Beatles ont surtout enregistr\u00e9 au studio num\u00e9ro 2. Alors nous vous invitons \u00e0 nous y rejoindre maintenant \u00bb et le groupe nous offrit en bonus, \u00ab I Call Your Name \u00bb, \u00ab Norwegian Wood \u00bb et \u00ab Taxman \u00bb.<\/p>\n\n\n\n<p>Il est des moments qui s\u2019inscrivent \u00e0 jamais en vous. Ce dimanche 30 juin 2019 est un de ces jours inoubliables. Interrog\u00e9, par le manager du groupe, je lui ai fait cette r\u00e9ponse. \u00ab Il devrait y avoir des lois pour interdire de telles choses \u00bb Il resta interloqu\u00e9 et je compl\u00e9tais en disant : \u00ab Il y a des gens qui se font des rails coke, gr\u00e2ce aux Analogues, on s\u2019est fait un rail de \u2026bonheur ! \u00bb Et Fred de rappeler si nous l\u2019avons fait c\u2019est parce que les Beatles l\u2019ont imagin\u00e9 et fait avant nous.<\/p>\n","protected":false},"excerpt":{"rendered":"<p>J\u2019ai eu le privil\u00e8ge d\u2019enter aux studios une bonne dizaine de fois. Mais jamais dans les conditions propos\u00e9es le 30 juin 2019. Les fantastiques Analogues de Hollande poursuivent leur itin\u00e9raire hommage aux Beatles en reprenant l\u2019int\u00e9gralit\u00e9 des disques que les Beatles n\u2019ont jamais jou\u00e9s sur sc\u00e8ne. Ceux des \u00ab ann\u00e9es studio \u00bb enregistr\u00e9s il y [&hellip;]<\/p>\n","protected":false},"author":1,"featured_media":1775,"comment_status":"open","ping_status":"open","sticky":false,"template":"","format":"standard","meta":{"footnotes":""},"categories":[5],"tags":[],"class_list":["post-1774","post","type-post","status-publish","format-standard","has-post-thumbnail","hentry","category-actualite-presse"],"acf":[],"yoast_head":"<!-- This site is optimized with the Yoast SEO plugin v26.9 - https:\/\/yoast.com\/product\/yoast-seo-wordpress\/ -->\n<title>Un apr\u00e8s midi \u00e0 Abbey Road - jacques volcouve<\/title>\n<meta name=\"robots\" content=\"index, follow, max-snippet:-1, max-image-preview:large, max-video-preview:-1\" \/>\n<link rel=\"canonical\" href=\"https:\/\/www.jacquesvolcouve.fr\/index.php\/2023\/06\/14\/un-apres-midi-a-abbey-road\/\" \/>\n<meta property=\"og:locale\" content=\"fr_FR\" \/>\n<meta property=\"og:type\" content=\"article\" \/>\n<meta property=\"og:title\" content=\"Un apr\u00e8s midi \u00e0 Abbey Road - jacques volcouve\" \/>\n<meta property=\"og:description\" content=\"J\u2019ai eu le privil\u00e8ge d\u2019enter aux studios une bonne dizaine de fois. Mais jamais dans les conditions propos\u00e9es le 30 juin 2019. Les fantastiques Analogues de Hollande poursuivent leur itin\u00e9raire hommage aux Beatles en reprenant l\u2019int\u00e9gralit\u00e9 des disques que les Beatles n\u2019ont jamais jou\u00e9s sur sc\u00e8ne. Ceux des \u00ab ann\u00e9es studio \u00bb enregistr\u00e9s il y [&hellip;]\" \/>\n<meta property=\"og:url\" content=\"https:\/\/www.jacquesvolcouve.fr\/index.php\/2023\/06\/14\/un-apres-midi-a-abbey-road\/\" \/>\n<meta property=\"og:site_name\" content=\"jacques volcouve\" \/>\n<meta property=\"article:published_time\" content=\"2023-06-14T13:47:14+00:00\" \/>\n<meta property=\"og:image\" content=\"https:\/\/www.jacquesvolcouve.fr\/wp-content\/uploads\/2023\/06\/a2bb9b_04efbf77d2b9427fb7dc64fd469c5c56mv2_d_3024_4032_s_4_2.webp\" \/>\n\t<meta property=\"og:image:width\" content=\"350\" \/>\n\t<meta property=\"og:image:height\" content=\"467\" \/>\n\t<meta property=\"og:image:type\" content=\"image\/webp\" \/>\n<meta name=\"author\" content=\"atelier\" \/>\n<meta name=\"twitter:card\" content=\"summary_large_image\" \/>\n<meta name=\"twitter:label1\" content=\"\u00c9crit par\" \/>\n\t<meta name=\"twitter:data1\" content=\"atelier\" \/>\n\t<meta name=\"twitter:label2\" content=\"Dur\u00e9e de lecture estim\u00e9e\" \/>\n\t<meta name=\"twitter:data2\" content=\"4 minutes\" \/>\n<script type=\"application\/ld+json\" class=\"yoast-schema-graph\">{\"@context\":\"https:\/\/schema.org\",\"@graph\":[{\"@type\":\"Article\",\"@id\":\"https:\/\/www.jacquesvolcouve.fr\/index.php\/2023\/06\/14\/un-apres-midi-a-abbey-road\/#article\",\"isPartOf\":{\"@id\":\"https:\/\/www.jacquesvolcouve.fr\/index.php\/2023\/06\/14\/un-apres-midi-a-abbey-road\/\"},\"author\":{\"name\":\"atelier\",\"@id\":\"https:\/\/www.jacquesvolcouve.fr\/#\/schema\/person\/f41b50bed0b228bb1514c50d58e33f31\"},\"headline\":\"Un apr\u00e8s midi \u00e0 Abbey Road\",\"datePublished\":\"2023-06-14T13:47:14+00:00\",\"mainEntityOfPage\":{\"@id\":\"https:\/\/www.jacquesvolcouve.fr\/index.php\/2023\/06\/14\/un-apres-midi-a-abbey-road\/\"},\"wordCount\":843,\"commentCount\":0,\"image\":{\"@id\":\"https:\/\/www.jacquesvolcouve.fr\/index.php\/2023\/06\/14\/un-apres-midi-a-abbey-road\/#primaryimage\"},\"thumbnailUrl\":\"https:\/\/www.jacquesvolcouve.fr\/wp-content\/uploads\/2023\/06\/a2bb9b_04efbf77d2b9427fb7dc64fd469c5c56mv2_d_3024_4032_s_4_2.webp\",\"articleSection\":[\"Actualit\u00e9 Presse\"],\"inLanguage\":\"fr-FR\",\"potentialAction\":[{\"@type\":\"CommentAction\",\"name\":\"Comment\",\"target\":[\"https:\/\/www.jacquesvolcouve.fr\/index.php\/2023\/06\/14\/un-apres-midi-a-abbey-road\/#respond\"]}]},{\"@type\":\"WebPage\",\"@id\":\"https:\/\/www.jacquesvolcouve.fr\/index.php\/2023\/06\/14\/un-apres-midi-a-abbey-road\/\",\"url\":\"https:\/\/www.jacquesvolcouve.fr\/index.php\/2023\/06\/14\/un-apres-midi-a-abbey-road\/\",\"name\":\"Un apr\u00e8s midi \u00e0 Abbey Road - jacques volcouve\",\"isPartOf\":{\"@id\":\"https:\/\/www.jacquesvolcouve.fr\/#website\"},\"primaryImageOfPage\":{\"@id\":\"https:\/\/www.jacquesvolcouve.fr\/index.php\/2023\/06\/14\/un-apres-midi-a-abbey-road\/#primaryimage\"},\"image\":{\"@id\":\"https:\/\/www.jacquesvolcouve.fr\/index.php\/2023\/06\/14\/un-apres-midi-a-abbey-road\/#primaryimage\"},\"thumbnailUrl\":\"https:\/\/www.jacquesvolcouve.fr\/wp-content\/uploads\/2023\/06\/a2bb9b_04efbf77d2b9427fb7dc64fd469c5c56mv2_d_3024_4032_s_4_2.webp\",\"datePublished\":\"2023-06-14T13:47:14+00:00\",\"author\":{\"@id\":\"https:\/\/www.jacquesvolcouve.fr\/#\/schema\/person\/f41b50bed0b228bb1514c50d58e33f31\"},\"breadcrumb\":{\"@id\":\"https:\/\/www.jacquesvolcouve.fr\/index.php\/2023\/06\/14\/un-apres-midi-a-abbey-road\/#breadcrumb\"},\"inLanguage\":\"fr-FR\",\"potentialAction\":[{\"@type\":\"ReadAction\",\"target\":[\"https:\/\/www.jacquesvolcouve.fr\/index.php\/2023\/06\/14\/un-apres-midi-a-abbey-road\/\"]}]},{\"@type\":\"ImageObject\",\"inLanguage\":\"fr-FR\",\"@id\":\"https:\/\/www.jacquesvolcouve.fr\/index.php\/2023\/06\/14\/un-apres-midi-a-abbey-road\/#primaryimage\",\"url\":\"https:\/\/www.jacquesvolcouve.fr\/wp-content\/uploads\/2023\/06\/a2bb9b_04efbf77d2b9427fb7dc64fd469c5c56mv2_d_3024_4032_s_4_2.webp\",\"contentUrl\":\"https:\/\/www.jacquesvolcouve.fr\/wp-content\/uploads\/2023\/06\/a2bb9b_04efbf77d2b9427fb7dc64fd469c5c56mv2_d_3024_4032_s_4_2.webp\",\"width\":350,\"height\":467},{\"@type\":\"BreadcrumbList\",\"@id\":\"https:\/\/www.jacquesvolcouve.fr\/index.php\/2023\/06\/14\/un-apres-midi-a-abbey-road\/#breadcrumb\",\"itemListElement\":[{\"@type\":\"ListItem\",\"position\":1,\"name\":\"Accueil\",\"item\":\"https:\/\/www.jacquesvolcouve.fr\/\"},{\"@type\":\"ListItem\",\"position\":2,\"name\":\"Un apr\u00e8s midi \u00e0 Abbey Road\"}]},{\"@type\":\"WebSite\",\"@id\":\"https:\/\/www.jacquesvolcouve.fr\/#website\",\"url\":\"https:\/\/www.jacquesvolcouve.fr\/\",\"name\":\"jacques volcouve\",\"description\":\"Le site de jacques volcouve l&#039;Historien fran\u00e7ais des beatles\",\"potentialAction\":[{\"@type\":\"SearchAction\",\"target\":{\"@type\":\"EntryPoint\",\"urlTemplate\":\"https:\/\/www.jacquesvolcouve.fr\/?s={search_term_string}\"},\"query-input\":{\"@type\":\"PropertyValueSpecification\",\"valueRequired\":true,\"valueName\":\"search_term_string\"}}],\"inLanguage\":\"fr-FR\"},{\"@type\":\"Person\",\"@id\":\"https:\/\/www.jacquesvolcouve.fr\/#\/schema\/person\/f41b50bed0b228bb1514c50d58e33f31\",\"name\":\"atelier\",\"sameAs\":[\"https:\/\/www.jacquesvolcouve.fr\"],\"url\":\"https:\/\/www.jacquesvolcouve.fr\/index.php\/author\/atelier\/\"}]}<\/script>\n<!-- \/ Yoast SEO plugin. -->","yoast_head_json":{"title":"Un apr\u00e8s midi \u00e0 Abbey Road - jacques volcouve","robots":{"index":"index","follow":"follow","max-snippet":"max-snippet:-1","max-image-preview":"max-image-preview:large","max-video-preview":"max-video-preview:-1"},"canonical":"https:\/\/www.jacquesvolcouve.fr\/index.php\/2023\/06\/14\/un-apres-midi-a-abbey-road\/","og_locale":"fr_FR","og_type":"article","og_title":"Un apr\u00e8s midi \u00e0 Abbey Road - jacques volcouve","og_description":"J\u2019ai eu le privil\u00e8ge d\u2019enter aux studios une bonne dizaine de fois. Mais jamais dans les conditions propos\u00e9es le 30 juin 2019. Les fantastiques Analogues de Hollande poursuivent leur itin\u00e9raire hommage aux Beatles en reprenant l\u2019int\u00e9gralit\u00e9 des disques que les Beatles n\u2019ont jamais jou\u00e9s sur sc\u00e8ne. Ceux des \u00ab ann\u00e9es studio \u00bb enregistr\u00e9s il y [&hellip;]","og_url":"https:\/\/www.jacquesvolcouve.fr\/index.php\/2023\/06\/14\/un-apres-midi-a-abbey-road\/","og_site_name":"jacques volcouve","article_published_time":"2023-06-14T13:47:14+00:00","og_image":[{"width":350,"height":467,"url":"https:\/\/www.jacquesvolcouve.fr\/wp-content\/uploads\/2023\/06\/a2bb9b_04efbf77d2b9427fb7dc64fd469c5c56mv2_d_3024_4032_s_4_2.webp","type":"image\/webp"}],"author":"atelier","twitter_card":"summary_large_image","twitter_misc":{"\u00c9crit par":"atelier","Dur\u00e9e de lecture estim\u00e9e":"4 minutes"},"schema":{"@context":"https:\/\/schema.org","@graph":[{"@type":"Article","@id":"https:\/\/www.jacquesvolcouve.fr\/index.php\/2023\/06\/14\/un-apres-midi-a-abbey-road\/#article","isPartOf":{"@id":"https:\/\/www.jacquesvolcouve.fr\/index.php\/2023\/06\/14\/un-apres-midi-a-abbey-road\/"},"author":{"name":"atelier","@id":"https:\/\/www.jacquesvolcouve.fr\/#\/schema\/person\/f41b50bed0b228bb1514c50d58e33f31"},"headline":"Un apr\u00e8s midi \u00e0 Abbey Road","datePublished":"2023-06-14T13:47:14+00:00","mainEntityOfPage":{"@id":"https:\/\/www.jacquesvolcouve.fr\/index.php\/2023\/06\/14\/un-apres-midi-a-abbey-road\/"},"wordCount":843,"commentCount":0,"image":{"@id":"https:\/\/www.jacquesvolcouve.fr\/index.php\/2023\/06\/14\/un-apres-midi-a-abbey-road\/#primaryimage"},"thumbnailUrl":"https:\/\/www.jacquesvolcouve.fr\/wp-content\/uploads\/2023\/06\/a2bb9b_04efbf77d2b9427fb7dc64fd469c5c56mv2_d_3024_4032_s_4_2.webp","articleSection":["Actualit\u00e9 Presse"],"inLanguage":"fr-FR","potentialAction":[{"@type":"CommentAction","name":"Comment","target":["https:\/\/www.jacquesvolcouve.fr\/index.php\/2023\/06\/14\/un-apres-midi-a-abbey-road\/#respond"]}]},{"@type":"WebPage","@id":"https:\/\/www.jacquesvolcouve.fr\/index.php\/2023\/06\/14\/un-apres-midi-a-abbey-road\/","url":"https:\/\/www.jacquesvolcouve.fr\/index.php\/2023\/06\/14\/un-apres-midi-a-abbey-road\/","name":"Un apr\u00e8s midi \u00e0 Abbey Road - jacques volcouve","isPartOf":{"@id":"https:\/\/www.jacquesvolcouve.fr\/#website"},"primaryImageOfPage":{"@id":"https:\/\/www.jacquesvolcouve.fr\/index.php\/2023\/06\/14\/un-apres-midi-a-abbey-road\/#primaryimage"},"image":{"@id":"https:\/\/www.jacquesvolcouve.fr\/index.php\/2023\/06\/14\/un-apres-midi-a-abbey-road\/#primaryimage"},"thumbnailUrl":"https:\/\/www.jacquesvolcouve.fr\/wp-content\/uploads\/2023\/06\/a2bb9b_04efbf77d2b9427fb7dc64fd469c5c56mv2_d_3024_4032_s_4_2.webp","datePublished":"2023-06-14T13:47:14+00:00","author":{"@id":"https:\/\/www.jacquesvolcouve.fr\/#\/schema\/person\/f41b50bed0b228bb1514c50d58e33f31"},"breadcrumb":{"@id":"https:\/\/www.jacquesvolcouve.fr\/index.php\/2023\/06\/14\/un-apres-midi-a-abbey-road\/#breadcrumb"},"inLanguage":"fr-FR","potentialAction":[{"@type":"ReadAction","target":["https:\/\/www.jacquesvolcouve.fr\/index.php\/2023\/06\/14\/un-apres-midi-a-abbey-road\/"]}]},{"@type":"ImageObject","inLanguage":"fr-FR","@id":"https:\/\/www.jacquesvolcouve.fr\/index.php\/2023\/06\/14\/un-apres-midi-a-abbey-road\/#primaryimage","url":"https:\/\/www.jacquesvolcouve.fr\/wp-content\/uploads\/2023\/06\/a2bb9b_04efbf77d2b9427fb7dc64fd469c5c56mv2_d_3024_4032_s_4_2.webp","contentUrl":"https:\/\/www.jacquesvolcouve.fr\/wp-content\/uploads\/2023\/06\/a2bb9b_04efbf77d2b9427fb7dc64fd469c5c56mv2_d_3024_4032_s_4_2.webp","width":350,"height":467},{"@type":"BreadcrumbList","@id":"https:\/\/www.jacquesvolcouve.fr\/index.php\/2023\/06\/14\/un-apres-midi-a-abbey-road\/#breadcrumb","itemListElement":[{"@type":"ListItem","position":1,"name":"Accueil","item":"https:\/\/www.jacquesvolcouve.fr\/"},{"@type":"ListItem","position":2,"name":"Un apr\u00e8s midi \u00e0 Abbey Road"}]},{"@type":"WebSite","@id":"https:\/\/www.jacquesvolcouve.fr\/#website","url":"https:\/\/www.jacquesvolcouve.fr\/","name":"jacques volcouve","description":"Le site de jacques volcouve l&#039;Historien fran\u00e7ais des beatles","potentialAction":[{"@type":"SearchAction","target":{"@type":"EntryPoint","urlTemplate":"https:\/\/www.jacquesvolcouve.fr\/?s={search_term_string}"},"query-input":{"@type":"PropertyValueSpecification","valueRequired":true,"valueName":"search_term_string"}}],"inLanguage":"fr-FR"},{"@type":"Person","@id":"https:\/\/www.jacquesvolcouve.fr\/#\/schema\/person\/f41b50bed0b228bb1514c50d58e33f31","name":"atelier","sameAs":["https:\/\/www.jacquesvolcouve.fr"],"url":"https:\/\/www.jacquesvolcouve.fr\/index.php\/author\/atelier\/"}]}},"_links":{"self":[{"href":"https:\/\/www.jacquesvolcouve.fr\/index.php\/wp-json\/wp\/v2\/posts\/1774","targetHints":{"allow":["GET"]}}],"collection":[{"href":"https:\/\/www.jacquesvolcouve.fr\/index.php\/wp-json\/wp\/v2\/posts"}],"about":[{"href":"https:\/\/www.jacquesvolcouve.fr\/index.php\/wp-json\/wp\/v2\/types\/post"}],"author":[{"embeddable":true,"href":"https:\/\/www.jacquesvolcouve.fr\/index.php\/wp-json\/wp\/v2\/users\/1"}],"replies":[{"embeddable":true,"href":"https:\/\/www.jacquesvolcouve.fr\/index.php\/wp-json\/wp\/v2\/comments?post=1774"}],"version-history":[{"count":1,"href":"https:\/\/www.jacquesvolcouve.fr\/index.php\/wp-json\/wp\/v2\/posts\/1774\/revisions"}],"predecessor-version":[{"id":1776,"href":"https:\/\/www.jacquesvolcouve.fr\/index.php\/wp-json\/wp\/v2\/posts\/1774\/revisions\/1776"}],"wp:featuredmedia":[{"embeddable":true,"href":"https:\/\/www.jacquesvolcouve.fr\/index.php\/wp-json\/wp\/v2\/media\/1775"}],"wp:attachment":[{"href":"https:\/\/www.jacquesvolcouve.fr\/index.php\/wp-json\/wp\/v2\/media?parent=1774"}],"wp:term":[{"taxonomy":"category","embeddable":true,"href":"https:\/\/www.jacquesvolcouve.fr\/index.php\/wp-json\/wp\/v2\/categories?post=1774"},{"taxonomy":"post_tag","embeddable":true,"href":"https:\/\/www.jacquesvolcouve.fr\/index.php\/wp-json\/wp\/v2\/tags?post=1774"}],"curies":[{"name":"wp","href":"https:\/\/api.w.org\/{rel}","templated":true}]}}