{"id":1792,"date":"2023-06-14T16:03:46","date_gmt":"2023-06-14T14:03:46","guid":{"rendered":"https:\/\/jacques.atelier-dev.com\/?p=1792"},"modified":"2023-06-14T16:03:46","modified_gmt":"2023-06-14T14:03:46","slug":"les-analogues-a-amsterdam","status":"publish","type":"post","link":"https:\/\/www.jacquesvolcouve.fr\/index.php\/2023\/06\/14\/les-analogues-a-amsterdam\/","title":{"rendered":"Les Analogues \u00e0 Amsterdam"},"content":{"rendered":"\n<p>Formidables Analogues !<\/p>\n\n\n\n<p>C\u2019est Alain Ranval alias Ramon Pipin qui m\u2019en a parl\u00e9 apr\u00e8s avoir d\u00e9couvert ce groupe n\u00e9erlandais jouer l\u2019int\u00e9gral de \u00ab Sgt. Pepper\u2019s Lonely Hearts Club Band \u00bb via You Tube. Je suis, pour ma part, particuli\u00e8rement r\u00e9ticent devant les prestations des tribute band qui n\u2019\u00e9veillent que lassitude et ennuie chez moi avec ce go\u00fbt d\u2019ersatz qui me fait fuir. Apr\u00e8s un rendez-vous rat\u00e9 pour aller les voir jouer \u00ab Magical Mystery Tour \u00bb \u00e0 Bruges en octobre 2017, Alain a propos\u00e9 d\u2019aller \u00e0 Amsterdam assister au concert consacr\u00e9 au \u00ab Double Blanc \u00bb et avec la force d\u2019organisation de son ami Marc Bertail, nous nous sommes retrouv\u00e9s 40 Fran\u00e7ais, dingues des Beatles, pour la plupart des joyeux lurons, dans le cadre magnifique du th\u00e9\u00e2tre Carr\u00e9 pour un moment magistral et une prestation magique des Analogues ce lundi 12 f\u00e9vrier 2018.<\/p>\n\n\n\n<p>Un doux souvenir qui restera inscrit dans notre m\u00e9moire. Au contraire d\u2019un groupe fran\u00e7ais qui \u00e9cume l\u2019hexagone, les Analogues ne se prennent pas pour les Beatles. Ils ne cherchent pas \u00e0 leur ressembler, \u00e0 se d\u00e9guiser en Beatles pour cr\u00e9er une magie de pacotille et d\u00e9livrer des concerts de patronage. Les Analogues sont des amoureux des Beatles, des perfectionnistes, des professionnels qui mettent le paquet pour offrir une performance, en tous points remarquables. Tout y est les cordes, les cuivres, le clavecin pour \u00ab Piggies \u00bb et m\u00eame la basse \u00e0 la bouche pour \u00ab I Will \u00bb. Chaque musicien est au service de l\u2019\u0153uvre des Beatles. Nous n\u2019assistons pas \u00e0 un concert d\u2019un simple tribute band. On a le sentiment de voir devant nous une grande formation qui nous offrirait la partition exacte d\u2019une symphonie de Beethoven, de Tcha\u00efkovski ou de Mozart, mais il s\u2019agit des Beatles. Et, ils n\u2019ont rien \u00e0 envier avec ces grands compositeurs de la musique classique des si\u00e8cles pass\u00e9s.<\/p>\n\n\n\n<p>McCartney lui-m\u00eame avait la conscience que les Beatles composaient la musique classique du XXe si\u00e8cle. L\u2019ennuie, aucun de nous ne l\u2019a ressenti ce lundi soir, je peux vous le garantir. Et le producteur Louis Fritz Murer m\u2019a convi\u00e9 \u00e0 parler des Beatles face \u00e0 la cam\u00e9ra du documentaire consacr\u00e9 \u00e0 l\u2019aventure des Analogues form\u00e9s, il y a trois ans. A la fin du spectacle, nous avons rencontr\u00e9 le groupe, qui dans son humilit\u00e9 s\u2019est joint \u00e0 nous pour partager ce moment d\u00e9licieux de l&#8217;after-show. Bonus chacun d\u2019entre nous a re\u00e7u un cadeau sp\u00e9cial dans son \u00e9crin \u00e0 l\u2019effigie du groupe, trois DVD pour se souvenir de ce magical mystery trip. PS on se posait tous la question : \u00ab comment vont-ils faire pour \u00ab Revolution 9 \u00bb ? Et bien astucieux et formidablement intelligent, le groupe a imagin\u00e9 LA surprise de la soir\u00e9e. Les lumi\u00e8res se sont \u00e9teintes et pouss\u00e9 par deux roadies, un magn\u00e9tophone \u00e0 bande qui tr\u00f4ne sur un tabouret \u00e9merge et alors que les bandes commencent \u00e0 tourner, l\u2019\u00e9cran s\u2019\u00e9claire et c\u2019est via la vid\u00e9o que les Analogues ont r\u00e9cr\u00e9\u00e9 ce documentaire audio, fid\u00e8le t\u00e9moin de cette p\u00e9riode de 1968 sign\u00e9 John Lennon, Yoko Ono et George Harrison.<\/p>\n\n\n\n<p>Nous allons tout faire pour faire venir cette formidable formation des Analogues chez nous qui nous emm\u00e8ne dans une autre dimension, celle digne du plus grand groupe de l\u2019histoire, les Beatles !<\/p>\n","protected":false},"excerpt":{"rendered":"<p>Formidables Analogues ! C\u2019est Alain Ranval alias Ramon Pipin qui m\u2019en a parl\u00e9 apr\u00e8s avoir d\u00e9couvert ce groupe n\u00e9erlandais jouer l\u2019int\u00e9gral de \u00ab Sgt. Pepper\u2019s Lonely Hearts Club Band \u00bb via You Tube. Je suis, pour ma part, particuli\u00e8rement r\u00e9ticent devant les prestations des tribute band qui n\u2019\u00e9veillent que lassitude et ennuie chez moi avec [&hellip;]<\/p>\n","protected":false},"author":1,"featured_media":1793,"comment_status":"open","ping_status":"open","sticky":false,"template":"","format":"standard","meta":{"footnotes":""},"categories":[5],"tags":[],"class_list":["post-1792","post","type-post","status-publish","format-standard","has-post-thumbnail","hentry","category-actualite-presse"],"acf":[],"yoast_head":"<!-- This site is optimized with the Yoast SEO plugin v26.9 - https:\/\/yoast.com\/product\/yoast-seo-wordpress\/ -->\n<title>Les Analogues \u00e0 Amsterdam - jacques volcouve<\/title>\n<meta name=\"robots\" content=\"index, follow, max-snippet:-1, max-image-preview:large, max-video-preview:-1\" \/>\n<link rel=\"canonical\" href=\"https:\/\/www.jacquesvolcouve.fr\/index.php\/2023\/06\/14\/les-analogues-a-amsterdam\/\" \/>\n<meta property=\"og:locale\" content=\"fr_FR\" \/>\n<meta property=\"og:type\" content=\"article\" \/>\n<meta property=\"og:title\" content=\"Les Analogues \u00e0 Amsterdam - jacques volcouve\" \/>\n<meta property=\"og:description\" content=\"Formidables Analogues ! C\u2019est Alain Ranval alias Ramon Pipin qui m\u2019en a parl\u00e9 apr\u00e8s avoir d\u00e9couvert ce groupe n\u00e9erlandais jouer l\u2019int\u00e9gral de \u00ab Sgt. Pepper\u2019s Lonely Hearts Club Band \u00bb via You Tube. Je suis, pour ma part, particuli\u00e8rement r\u00e9ticent devant les prestations des tribute band qui n\u2019\u00e9veillent que lassitude et ennuie chez moi avec [&hellip;]\" \/>\n<meta property=\"og:url\" content=\"https:\/\/www.jacquesvolcouve.fr\/index.php\/2023\/06\/14\/les-analogues-a-amsterdam\/\" \/>\n<meta property=\"og:site_name\" content=\"jacques volcouve\" \/>\n<meta property=\"article:published_time\" content=\"2023-06-14T14:03:46+00:00\" \/>\n<meta property=\"og:image\" content=\"https:\/\/www.jacquesvolcouve.fr\/wp-content\/uploads\/2023\/06\/a2bb9b_06a09e394693451f86849f4321418be0mv2_d_5472_3648_s_4_2.webp\" \/>\n\t<meta property=\"og:image:width\" content=\"566\" \/>\n\t<meta property=\"og:image:height\" content=\"377\" \/>\n\t<meta property=\"og:image:type\" content=\"image\/webp\" \/>\n<meta name=\"author\" content=\"atelier\" \/>\n<meta name=\"twitter:card\" content=\"summary_large_image\" \/>\n<meta name=\"twitter:label1\" content=\"\u00c9crit par\" \/>\n\t<meta name=\"twitter:data1\" content=\"atelier\" \/>\n\t<meta name=\"twitter:label2\" content=\"Dur\u00e9e de lecture estim\u00e9e\" \/>\n\t<meta name=\"twitter:data2\" content=\"3 minutes\" \/>\n<script type=\"application\/ld+json\" class=\"yoast-schema-graph\">{\"@context\":\"https:\/\/schema.org\",\"@graph\":[{\"@type\":\"Article\",\"@id\":\"https:\/\/www.jacquesvolcouve.fr\/index.php\/2023\/06\/14\/les-analogues-a-amsterdam\/#article\",\"isPartOf\":{\"@id\":\"https:\/\/www.jacquesvolcouve.fr\/index.php\/2023\/06\/14\/les-analogues-a-amsterdam\/\"},\"author\":{\"name\":\"atelier\",\"@id\":\"https:\/\/www.jacquesvolcouve.fr\/#\/schema\/person\/f41b50bed0b228bb1514c50d58e33f31\"},\"headline\":\"Les Analogues \u00e0 Amsterdam\",\"datePublished\":\"2023-06-14T14:03:46+00:00\",\"mainEntityOfPage\":{\"@id\":\"https:\/\/www.jacquesvolcouve.fr\/index.php\/2023\/06\/14\/les-analogues-a-amsterdam\/\"},\"wordCount\":573,\"commentCount\":0,\"image\":{\"@id\":\"https:\/\/www.jacquesvolcouve.fr\/index.php\/2023\/06\/14\/les-analogues-a-amsterdam\/#primaryimage\"},\"thumbnailUrl\":\"https:\/\/www.jacquesvolcouve.fr\/wp-content\/uploads\/2023\/06\/a2bb9b_06a09e394693451f86849f4321418be0mv2_d_5472_3648_s_4_2.webp\",\"articleSection\":[\"Actualit\u00e9 Presse\"],\"inLanguage\":\"fr-FR\",\"potentialAction\":[{\"@type\":\"CommentAction\",\"name\":\"Comment\",\"target\":[\"https:\/\/www.jacquesvolcouve.fr\/index.php\/2023\/06\/14\/les-analogues-a-amsterdam\/#respond\"]}]},{\"@type\":\"WebPage\",\"@id\":\"https:\/\/www.jacquesvolcouve.fr\/index.php\/2023\/06\/14\/les-analogues-a-amsterdam\/\",\"url\":\"https:\/\/www.jacquesvolcouve.fr\/index.php\/2023\/06\/14\/les-analogues-a-amsterdam\/\",\"name\":\"Les Analogues \u00e0 Amsterdam - jacques volcouve\",\"isPartOf\":{\"@id\":\"https:\/\/www.jacquesvolcouve.fr\/#website\"},\"primaryImageOfPage\":{\"@id\":\"https:\/\/www.jacquesvolcouve.fr\/index.php\/2023\/06\/14\/les-analogues-a-amsterdam\/#primaryimage\"},\"image\":{\"@id\":\"https:\/\/www.jacquesvolcouve.fr\/index.php\/2023\/06\/14\/les-analogues-a-amsterdam\/#primaryimage\"},\"thumbnailUrl\":\"https:\/\/www.jacquesvolcouve.fr\/wp-content\/uploads\/2023\/06\/a2bb9b_06a09e394693451f86849f4321418be0mv2_d_5472_3648_s_4_2.webp\",\"datePublished\":\"2023-06-14T14:03:46+00:00\",\"author\":{\"@id\":\"https:\/\/www.jacquesvolcouve.fr\/#\/schema\/person\/f41b50bed0b228bb1514c50d58e33f31\"},\"breadcrumb\":{\"@id\":\"https:\/\/www.jacquesvolcouve.fr\/index.php\/2023\/06\/14\/les-analogues-a-amsterdam\/#breadcrumb\"},\"inLanguage\":\"fr-FR\",\"potentialAction\":[{\"@type\":\"ReadAction\",\"target\":[\"https:\/\/www.jacquesvolcouve.fr\/index.php\/2023\/06\/14\/les-analogues-a-amsterdam\/\"]}]},{\"@type\":\"ImageObject\",\"inLanguage\":\"fr-FR\",\"@id\":\"https:\/\/www.jacquesvolcouve.fr\/index.php\/2023\/06\/14\/les-analogues-a-amsterdam\/#primaryimage\",\"url\":\"https:\/\/www.jacquesvolcouve.fr\/wp-content\/uploads\/2023\/06\/a2bb9b_06a09e394693451f86849f4321418be0mv2_d_5472_3648_s_4_2.webp\",\"contentUrl\":\"https:\/\/www.jacquesvolcouve.fr\/wp-content\/uploads\/2023\/06\/a2bb9b_06a09e394693451f86849f4321418be0mv2_d_5472_3648_s_4_2.webp\",\"width\":566,\"height\":377},{\"@type\":\"BreadcrumbList\",\"@id\":\"https:\/\/www.jacquesvolcouve.fr\/index.php\/2023\/06\/14\/les-analogues-a-amsterdam\/#breadcrumb\",\"itemListElement\":[{\"@type\":\"ListItem\",\"position\":1,\"name\":\"Accueil\",\"item\":\"https:\/\/www.jacquesvolcouve.fr\/\"},{\"@type\":\"ListItem\",\"position\":2,\"name\":\"Les Analogues \u00e0 Amsterdam\"}]},{\"@type\":\"WebSite\",\"@id\":\"https:\/\/www.jacquesvolcouve.fr\/#website\",\"url\":\"https:\/\/www.jacquesvolcouve.fr\/\",\"name\":\"jacques volcouve\",\"description\":\"Le site de jacques volcouve l&#039;Historien fran\u00e7ais des beatles\",\"potentialAction\":[{\"@type\":\"SearchAction\",\"target\":{\"@type\":\"EntryPoint\",\"urlTemplate\":\"https:\/\/www.jacquesvolcouve.fr\/?s={search_term_string}\"},\"query-input\":{\"@type\":\"PropertyValueSpecification\",\"valueRequired\":true,\"valueName\":\"search_term_string\"}}],\"inLanguage\":\"fr-FR\"},{\"@type\":\"Person\",\"@id\":\"https:\/\/www.jacquesvolcouve.fr\/#\/schema\/person\/f41b50bed0b228bb1514c50d58e33f31\",\"name\":\"atelier\",\"sameAs\":[\"https:\/\/www.jacquesvolcouve.fr\"],\"url\":\"https:\/\/www.jacquesvolcouve.fr\/index.php\/author\/atelier\/\"}]}<\/script>\n<!-- \/ Yoast SEO plugin. -->","yoast_head_json":{"title":"Les Analogues \u00e0 Amsterdam - jacques volcouve","robots":{"index":"index","follow":"follow","max-snippet":"max-snippet:-1","max-image-preview":"max-image-preview:large","max-video-preview":"max-video-preview:-1"},"canonical":"https:\/\/www.jacquesvolcouve.fr\/index.php\/2023\/06\/14\/les-analogues-a-amsterdam\/","og_locale":"fr_FR","og_type":"article","og_title":"Les Analogues \u00e0 Amsterdam - jacques volcouve","og_description":"Formidables Analogues ! C\u2019est Alain Ranval alias Ramon Pipin qui m\u2019en a parl\u00e9 apr\u00e8s avoir d\u00e9couvert ce groupe n\u00e9erlandais jouer l\u2019int\u00e9gral de \u00ab Sgt. Pepper\u2019s Lonely Hearts Club Band \u00bb via You Tube. Je suis, pour ma part, particuli\u00e8rement r\u00e9ticent devant les prestations des tribute band qui n\u2019\u00e9veillent que lassitude et ennuie chez moi avec [&hellip;]","og_url":"https:\/\/www.jacquesvolcouve.fr\/index.php\/2023\/06\/14\/les-analogues-a-amsterdam\/","og_site_name":"jacques volcouve","article_published_time":"2023-06-14T14:03:46+00:00","og_image":[{"width":566,"height":377,"url":"https:\/\/www.jacquesvolcouve.fr\/wp-content\/uploads\/2023\/06\/a2bb9b_06a09e394693451f86849f4321418be0mv2_d_5472_3648_s_4_2.webp","type":"image\/webp"}],"author":"atelier","twitter_card":"summary_large_image","twitter_misc":{"\u00c9crit par":"atelier","Dur\u00e9e de lecture estim\u00e9e":"3 minutes"},"schema":{"@context":"https:\/\/schema.org","@graph":[{"@type":"Article","@id":"https:\/\/www.jacquesvolcouve.fr\/index.php\/2023\/06\/14\/les-analogues-a-amsterdam\/#article","isPartOf":{"@id":"https:\/\/www.jacquesvolcouve.fr\/index.php\/2023\/06\/14\/les-analogues-a-amsterdam\/"},"author":{"name":"atelier","@id":"https:\/\/www.jacquesvolcouve.fr\/#\/schema\/person\/f41b50bed0b228bb1514c50d58e33f31"},"headline":"Les Analogues \u00e0 Amsterdam","datePublished":"2023-06-14T14:03:46+00:00","mainEntityOfPage":{"@id":"https:\/\/www.jacquesvolcouve.fr\/index.php\/2023\/06\/14\/les-analogues-a-amsterdam\/"},"wordCount":573,"commentCount":0,"image":{"@id":"https:\/\/www.jacquesvolcouve.fr\/index.php\/2023\/06\/14\/les-analogues-a-amsterdam\/#primaryimage"},"thumbnailUrl":"https:\/\/www.jacquesvolcouve.fr\/wp-content\/uploads\/2023\/06\/a2bb9b_06a09e394693451f86849f4321418be0mv2_d_5472_3648_s_4_2.webp","articleSection":["Actualit\u00e9 Presse"],"inLanguage":"fr-FR","potentialAction":[{"@type":"CommentAction","name":"Comment","target":["https:\/\/www.jacquesvolcouve.fr\/index.php\/2023\/06\/14\/les-analogues-a-amsterdam\/#respond"]}]},{"@type":"WebPage","@id":"https:\/\/www.jacquesvolcouve.fr\/index.php\/2023\/06\/14\/les-analogues-a-amsterdam\/","url":"https:\/\/www.jacquesvolcouve.fr\/index.php\/2023\/06\/14\/les-analogues-a-amsterdam\/","name":"Les Analogues \u00e0 Amsterdam - jacques volcouve","isPartOf":{"@id":"https:\/\/www.jacquesvolcouve.fr\/#website"},"primaryImageOfPage":{"@id":"https:\/\/www.jacquesvolcouve.fr\/index.php\/2023\/06\/14\/les-analogues-a-amsterdam\/#primaryimage"},"image":{"@id":"https:\/\/www.jacquesvolcouve.fr\/index.php\/2023\/06\/14\/les-analogues-a-amsterdam\/#primaryimage"},"thumbnailUrl":"https:\/\/www.jacquesvolcouve.fr\/wp-content\/uploads\/2023\/06\/a2bb9b_06a09e394693451f86849f4321418be0mv2_d_5472_3648_s_4_2.webp","datePublished":"2023-06-14T14:03:46+00:00","author":{"@id":"https:\/\/www.jacquesvolcouve.fr\/#\/schema\/person\/f41b50bed0b228bb1514c50d58e33f31"},"breadcrumb":{"@id":"https:\/\/www.jacquesvolcouve.fr\/index.php\/2023\/06\/14\/les-analogues-a-amsterdam\/#breadcrumb"},"inLanguage":"fr-FR","potentialAction":[{"@type":"ReadAction","target":["https:\/\/www.jacquesvolcouve.fr\/index.php\/2023\/06\/14\/les-analogues-a-amsterdam\/"]}]},{"@type":"ImageObject","inLanguage":"fr-FR","@id":"https:\/\/www.jacquesvolcouve.fr\/index.php\/2023\/06\/14\/les-analogues-a-amsterdam\/#primaryimage","url":"https:\/\/www.jacquesvolcouve.fr\/wp-content\/uploads\/2023\/06\/a2bb9b_06a09e394693451f86849f4321418be0mv2_d_5472_3648_s_4_2.webp","contentUrl":"https:\/\/www.jacquesvolcouve.fr\/wp-content\/uploads\/2023\/06\/a2bb9b_06a09e394693451f86849f4321418be0mv2_d_5472_3648_s_4_2.webp","width":566,"height":377},{"@type":"BreadcrumbList","@id":"https:\/\/www.jacquesvolcouve.fr\/index.php\/2023\/06\/14\/les-analogues-a-amsterdam\/#breadcrumb","itemListElement":[{"@type":"ListItem","position":1,"name":"Accueil","item":"https:\/\/www.jacquesvolcouve.fr\/"},{"@type":"ListItem","position":2,"name":"Les Analogues \u00e0 Amsterdam"}]},{"@type":"WebSite","@id":"https:\/\/www.jacquesvolcouve.fr\/#website","url":"https:\/\/www.jacquesvolcouve.fr\/","name":"jacques volcouve","description":"Le site de jacques volcouve l&#039;Historien fran\u00e7ais des beatles","potentialAction":[{"@type":"SearchAction","target":{"@type":"EntryPoint","urlTemplate":"https:\/\/www.jacquesvolcouve.fr\/?s={search_term_string}"},"query-input":{"@type":"PropertyValueSpecification","valueRequired":true,"valueName":"search_term_string"}}],"inLanguage":"fr-FR"},{"@type":"Person","@id":"https:\/\/www.jacquesvolcouve.fr\/#\/schema\/person\/f41b50bed0b228bb1514c50d58e33f31","name":"atelier","sameAs":["https:\/\/www.jacquesvolcouve.fr"],"url":"https:\/\/www.jacquesvolcouve.fr\/index.php\/author\/atelier\/"}]}},"_links":{"self":[{"href":"https:\/\/www.jacquesvolcouve.fr\/index.php\/wp-json\/wp\/v2\/posts\/1792","targetHints":{"allow":["GET"]}}],"collection":[{"href":"https:\/\/www.jacquesvolcouve.fr\/index.php\/wp-json\/wp\/v2\/posts"}],"about":[{"href":"https:\/\/www.jacquesvolcouve.fr\/index.php\/wp-json\/wp\/v2\/types\/post"}],"author":[{"embeddable":true,"href":"https:\/\/www.jacquesvolcouve.fr\/index.php\/wp-json\/wp\/v2\/users\/1"}],"replies":[{"embeddable":true,"href":"https:\/\/www.jacquesvolcouve.fr\/index.php\/wp-json\/wp\/v2\/comments?post=1792"}],"version-history":[{"count":1,"href":"https:\/\/www.jacquesvolcouve.fr\/index.php\/wp-json\/wp\/v2\/posts\/1792\/revisions"}],"predecessor-version":[{"id":1794,"href":"https:\/\/www.jacquesvolcouve.fr\/index.php\/wp-json\/wp\/v2\/posts\/1792\/revisions\/1794"}],"wp:featuredmedia":[{"embeddable":true,"href":"https:\/\/www.jacquesvolcouve.fr\/index.php\/wp-json\/wp\/v2\/media\/1793"}],"wp:attachment":[{"href":"https:\/\/www.jacquesvolcouve.fr\/index.php\/wp-json\/wp\/v2\/media?parent=1792"}],"wp:term":[{"taxonomy":"category","embeddable":true,"href":"https:\/\/www.jacquesvolcouve.fr\/index.php\/wp-json\/wp\/v2\/categories?post=1792"},{"taxonomy":"post_tag","embeddable":true,"href":"https:\/\/www.jacquesvolcouve.fr\/index.php\/wp-json\/wp\/v2\/tags?post=1792"}],"curies":[{"name":"wp","href":"https:\/\/api.w.org\/{rel}","templated":true}]}}